{"id":661,"date":"2020-10-24T15:01:00","date_gmt":"2020-10-24T15:01:00","guid":{"rendered":"https:\/\/www.horacio-sanchez.com\/?p=661"},"modified":"2020-10-24T15:01:02","modified_gmt":"2020-10-24T15:01:02","slug":"anecacao-convoco-a-productores-a-primera-edicion-del-concurso-cacao-de-excelencia-ecuador-2020","status":"publish","type":"post","link":"https:\/\/www.horacio-sanchez.com\/en\/uncategorized\/anecacao-convoco-a-productores-a-primera-edicion-del-concurso-cacao-de-excelencia-ecuador-2020\/","title":{"rendered":"Anecacao convoc\u00f3 a productores a primera edici\u00f3n del concurso Cacao de Excelencia Ecuador 2020"},"content":{"rendered":"\n[et_pb_section fb_built=\u00bb1&#8243; _builder_version=\u00bb4.6.6&#8243; _module_preset=\u00bbdefault\u00bb][et_pb_row _builder_version=\u00bb4.6.6&#8243; _module_preset=\u00bbdefault\u00bb][et_pb_column _builder_version=\u00bb4.6.6&#8243; _module_preset=\u00bbdefault\u00bb type=\u00bb4_4&#8243;][et_pb_text _builder_version=\u00bb4.6.6&#8243; _module_preset=\u00bbdefault\u00bb hover_enabled=\u00bb0&#8243; sticky_enabled=\u00bb0&#8243;]<p>Con el apoyo del programa<strong><span>\u00a0<\/span>MOCCA<\/strong>, iniciativa financiada por el programa Alimentos para el Progreso del Departamento de Agricultura de los Estados Unidos (USDA por sus siglas en ingl\u00e9s), la<span>\u00a0<\/span><strong>Asociaci\u00f3n Nacional de Exportadores e Industriales de Cacao del Ecuador (Anecacao)<\/strong>, lanz\u00f3 este jueves 22 de octubre la Primera Edici\u00f3n del Concurso<strong><span>\u00a0<\/span>Cacao de Excelencia Ecuador 2020.<\/strong><\/p>\n<p><strong>Francisco Miranda, presidente de Anecacao<\/strong>, convoc\u00f3 a los productores cacaoteros del pa\u00eds a participar y se\u00f1al\u00f3 que uno de los atractivos es que las muestras ganadoras participar\u00e1 en el Programa<strong><span>\u00a0<\/span>Cocoa of Excellence Paris 2021,<span>\u00a0<\/span><\/strong>en donde se analizan los productos de todos los pa\u00edses y que luego ser\u00e1n premiados en el<span>\u00a0<\/span><strong>International Cocoa Awards 2021<\/strong>, que se exhibe cada dos a\u00f1os desde el 2009, donde participan 50 pa\u00edses productores, durante el evento<span>\u00a0<\/span><strong>Sal\u00f3n Du Chocolat<span>\u00a0<\/span><\/strong>en la ciudad de Par\u00eds.<\/p>\n<div id=\"boletineseudfp\"><\/div>\n<p>\u00abNosotros hemos ayudado a la conformaci\u00f3n en ediciones anteriores junto al INIAP. Lo que es novedoso es el concurso interno versi\u00f3n Ecuador\u00bb, sostuvo Miranda.<\/p>\n<p>Durante la presentaci\u00f3n del Cacao de Excelencia Ecuador 2020, que se realiz\u00f3 de manera virtual, Miranda estuvo acompa\u00f1ado de Gonzalo Martinetti, vicepresidente de Anecacao; y Dolores Alvarado, representante de Cocoa of Excellence, quienes dieron detalles de la competencia, como las bases del concurso, el cronograma del evento y los requisitos para los interesados en participar.<\/p>\n<p>Tambi\u00e9n particip\u00f3 Freddy Salazar, gerente general de<span>\u00a0<\/span><strong>Costa Esmeraldas<\/strong>, empresa productora de cacao premiada en el certamen internacional Cocoa of Excellence del a\u00f1o pasado.<\/p>\n<div id=\"Ampliada\" class=\"dfp-slot atm-banner-mappingampliada publicity-content\" data-google-query-id=\"COT96IC-zewCFcLChwodeOwBqg\">\n<div class=\"panel-pane pane-views pane-datos-nota-ampliada pane-node-body\">\n<div class=\"pane-content\">\n<div class=\"view view-datos-nota-ampliada view-id-datos_nota_ampliada view-display-id-block_11 view-dom-id-e163b8cbb8ec4626c6cba11168ef39d1\">\n<div class=\"view-content\">\n<div class=\"views-row views-row-1 views-row-odd views-row-first views-row-last\">\n<div class=\"views-field views-field-body\">\n<div class=\"field-content\">\n<div class=\"field-name-body\">\n<p>En tanto, Miranda explic\u00f3 que el costo de inscripci\u00f3n es de<strong><span>\u00a0<\/span>$75<span>\u00a0<\/span><\/strong>por muestra que ingrese al concurso. Entre los requisitos constan que las muestras de cacao en grano deben ser cosechadas durante la temporada principal de cosecha, debe entregarse 10Kg de cada muestra de cacao y que todas las muestras de cacao deben estar acompa\u00f1adas del formulario de datos completado con la informaci\u00f3n disponible sobre la muestra.<\/p>\n<p>Las inscripciones se receptar\u00e1n hasta el<span>\u00a0<\/span><strong>16 de noviembre<span>\u00a0<\/span><\/strong>con registro de formulario y entrega de las muestras, posteriormente se dar\u00e1 inicio al proceso de an\u00e1lisis de las mismas.<\/p>\n<\/div>\n<\/div>\n<\/div>\n<\/div>\n<\/div>\n<\/div>\n<\/div>\n<\/div>\n<div class=\"panel-pane pane-panels-mini pane-nota-tokens\">\n<div class=\"pane-content\">\n<div class=\"panel-display panel-2col clearfix\" id=\"mini-panel-nota_tokens\">\n<div class=\"panel-panel panel-col-first\">\n<div class=\"inside\">\n<div class=\"panel-pane pane-views pane-datos-nota-ampliada tokens-nota\">\n<div class=\"pane-content\">\n<div class=\"view view-datos-nota-ampliada view-id-datos_nota_ampliada view-display-id-block_6 nota-tokens view-dom-id-4ef3a6d5dd55e8fb8fc78fb301150e0f\">\n<div class=\"view-content\">\n<div><span class=\"views-field views-field-field-entidades\"><a href=\"https:\/\/www.eluniverso.com\/tema\/anecacao-0\" typeof=\"skos:Concept\" property=\"rdfs:label skos:prefLabel\" datatype=\"\"><\/a><\/span><\/div>\n<\/div>\n<\/div>\n<\/div>\n<\/div>\n<\/div>\n<\/div>\n<\/div>\n<\/div>\n<\/div>\n<\/div>\n[\/et_pb_text][\/et_pb_column][\/et_pb_row][\/et_pb_section]\n","protected":false},"excerpt":{"rendered":"<p>Con el apoyo del programa\u00a0MOCCA, iniciativa financiada por el programa Alimentos para el Progreso del Departamento de Agricultura de los Estados Unidos (USDA por sus siglas en ingl\u00e9s), la\u00a0Asociaci\u00f3n Nacional de Exportadores e Industriales de Cacao del Ecuador (Anecacao), lanz\u00f3 este jueves 22 de octubre la Primera Edici\u00f3n del Concurso\u00a0Cacao de Excelencia Ecuador 2020. Francisco [&hellip;]<\/p>\n","protected":false},"author":1,"featured_media":665,"comment_status":"open","ping_status":"open","sticky":false,"template":"","format":"standard","meta":{"_et_pb_use_builder":"on","_et_pb_old_content":"","_et_gb_content_width":"","footnotes":""},"categories":[1],"tags":[],"class_list":["post-661","post","type-post","status-publish","format-standard","has-post-thumbnail","hentry","category-uncategorized"],"yoast_head":"<!-- This site is optimized with the Yoast SEO plugin v25.6 - https:\/\/yoast.com\/wordpress\/plugins\/seo\/ -->\n<title>Anecacao convoc\u00f3 a productores a primera edici\u00f3n del concurso Cacao de Excelencia Ecuador 2020 - Horacio Sanchez<\/title>\n<meta name=\"robots\" content=\"index, follow, max-snippet:-1, max-image-preview:large, max-video-preview:-1\" \/>\n<link rel=\"canonical\" href=\"https:\/\/www.horacio-sanchez.com\/en\/uncategorized\/anecacao-convoco-a-productores-a-primera-edicion-del-concurso-cacao-de-excelencia-ecuador-2020\/\" \/>\n<meta property=\"og:locale\" content=\"en_US\" \/>\n<meta property=\"og:type\" content=\"article\" \/>\n<meta property=\"og:title\" content=\"Anecacao convoc\u00f3 a productores a primera edici\u00f3n del concurso Cacao de Excelencia Ecuador 2020 - Horacio Sanchez\" \/>\n<meta property=\"og:description\" content=\"Con el apoyo del programa\u00a0MOCCA, iniciativa financiada por el programa Alimentos para el Progreso del Departamento de Agricultura de los Estados Unidos (USDA por sus siglas en ingl\u00e9s), la\u00a0Asociaci\u00f3n Nacional de Exportadores e Industriales de Cacao del Ecuador (Anecacao), lanz\u00f3 este jueves 22 de octubre la Primera Edici\u00f3n del Concurso\u00a0Cacao de Excelencia Ecuador 2020. Francisco [&hellip;]\" \/>\n<meta property=\"og:url\" content=\"https:\/\/www.horacio-sanchez.com\/en\/uncategorized\/anecacao-convoco-a-productores-a-primera-edicion-del-concurso-cacao-de-excelencia-ecuador-2020\/\" \/>\n<meta property=\"og:site_name\" content=\"Horacio Sanchez\" \/>\n<meta property=\"article:published_time\" content=\"2020-10-24T15:01:00+00:00\" \/>\n<meta property=\"article:modified_time\" content=\"2020-10-24T15:01:02+00:00\" \/>\n<meta property=\"og:image\" content=\"https:\/\/www.horacio-sanchez.com\/wp-content\/uploads\/2020\/10\/1_1s159q_RK1N0bv7Rf7OcLw-scaled.jpeg\" \/>\n\t<meta property=\"og:image:width\" content=\"2560\" \/>\n\t<meta property=\"og:image:height\" content=\"1681\" \/>\n\t<meta property=\"og:image:type\" content=\"image\/jpeg\" \/>\n<meta name=\"author\" content=\"admin\" \/>\n<meta name=\"twitter:card\" content=\"summary_large_image\" \/>\n<meta name=\"twitter:label1\" content=\"Written by\" \/>\n\t<meta name=\"twitter:data1\" content=\"admin\" \/>\n\t<meta name=\"twitter:label2\" content=\"Est. reading time\" \/>\n\t<meta name=\"twitter:data2\" content=\"2 minutes\" \/>\n<script type=\"application\/ld+json\" class=\"yoast-schema-graph\">{\"@context\":\"https:\/\/schema.org\",\"@graph\":[{\"@type\":\"Article\",\"@id\":\"https:\/\/www.horacio-sanchez.com\/uncategorized\/anecacao-convoco-a-productores-a-primera-edicion-del-concurso-cacao-de-excelencia-ecuador-2020\/#article\",\"isPartOf\":{\"@id\":\"https:\/\/www.horacio-sanchez.com\/uncategorized\/anecacao-convoco-a-productores-a-primera-edicion-del-concurso-cacao-de-excelencia-ecuador-2020\/\"},\"author\":{\"name\":\"admin\",\"@id\":\"https:\/\/www.horacio-sanchez.com\/#\/schema\/person\/e50791f01352f1f6573b2bd49a17c147\"},\"headline\":\"Anecacao convoc\u00f3 a productores a primera edici\u00f3n del concurso Cacao de Excelencia Ecuador 2020\",\"datePublished\":\"2020-10-24T15:01:00+00:00\",\"dateModified\":\"2020-10-24T15:01:02+00:00\",\"mainEntityOfPage\":{\"@id\":\"https:\/\/www.horacio-sanchez.com\/uncategorized\/anecacao-convoco-a-productores-a-primera-edicion-del-concurso-cacao-de-excelencia-ecuador-2020\/\"},\"wordCount\":416,\"commentCount\":0,\"publisher\":{\"@id\":\"https:\/\/www.horacio-sanchez.com\/#organization\"},\"image\":{\"@id\":\"https:\/\/www.horacio-sanchez.com\/uncategorized\/anecacao-convoco-a-productores-a-primera-edicion-del-concurso-cacao-de-excelencia-ecuador-2020\/#primaryimage\"},\"thumbnailUrl\":\"https:\/\/www.horacio-sanchez.com\/wp-content\/uploads\/2020\/10\/1_1s159q_RK1N0bv7Rf7OcLw-scaled.jpeg\",\"inLanguage\":\"en-US\",\"potentialAction\":[{\"@type\":\"CommentAction\",\"name\":\"Comment\",\"target\":[\"https:\/\/www.horacio-sanchez.com\/uncategorized\/anecacao-convoco-a-productores-a-primera-edicion-del-concurso-cacao-de-excelencia-ecuador-2020\/#respond\"]}]},{\"@type\":\"WebPage\",\"@id\":\"https:\/\/www.horacio-sanchez.com\/uncategorized\/anecacao-convoco-a-productores-a-primera-edicion-del-concurso-cacao-de-excelencia-ecuador-2020\/\",\"url\":\"https:\/\/www.horacio-sanchez.com\/uncategorized\/anecacao-convoco-a-productores-a-primera-edicion-del-concurso-cacao-de-excelencia-ecuador-2020\/\",\"name\":\"Anecacao convoc\u00f3 a productores a primera edici\u00f3n del concurso Cacao de Excelencia Ecuador 2020 - Horacio Sanchez\",\"isPartOf\":{\"@id\":\"https:\/\/www.horacio-sanchez.com\/#website\"},\"primaryImageOfPage\":{\"@id\":\"https:\/\/www.horacio-sanchez.com\/uncategorized\/anecacao-convoco-a-productores-a-primera-edicion-del-concurso-cacao-de-excelencia-ecuador-2020\/#primaryimage\"},\"image\":{\"@id\":\"https:\/\/www.horacio-sanchez.com\/uncategorized\/anecacao-convoco-a-productores-a-primera-edicion-del-concurso-cacao-de-excelencia-ecuador-2020\/#primaryimage\"},\"thumbnailUrl\":\"https:\/\/www.horacio-sanchez.com\/wp-content\/uploads\/2020\/10\/1_1s159q_RK1N0bv7Rf7OcLw-scaled.jpeg\",\"datePublished\":\"2020-10-24T15:01:00+00:00\",\"dateModified\":\"2020-10-24T15:01:02+00:00\",\"breadcrumb\":{\"@id\":\"https:\/\/www.horacio-sanchez.com\/uncategorized\/anecacao-convoco-a-productores-a-primera-edicion-del-concurso-cacao-de-excelencia-ecuador-2020\/#breadcrumb\"},\"inLanguage\":\"en-US\",\"potentialAction\":[{\"@type\":\"ReadAction\",\"target\":[\"https:\/\/www.horacio-sanchez.com\/uncategorized\/anecacao-convoco-a-productores-a-primera-edicion-del-concurso-cacao-de-excelencia-ecuador-2020\/\"]}]},{\"@type\":\"ImageObject\",\"inLanguage\":\"en-US\",\"@id\":\"https:\/\/www.horacio-sanchez.com\/uncategorized\/anecacao-convoco-a-productores-a-primera-edicion-del-concurso-cacao-de-excelencia-ecuador-2020\/#primaryimage\",\"url\":\"https:\/\/www.horacio-sanchez.com\/wp-content\/uploads\/2020\/10\/1_1s159q_RK1N0bv7Rf7OcLw-scaled.jpeg\",\"contentUrl\":\"https:\/\/www.horacio-sanchez.com\/wp-content\/uploads\/2020\/10\/1_1s159q_RK1N0bv7Rf7OcLw-scaled.jpeg\",\"width\":2560,\"height\":1681},{\"@type\":\"BreadcrumbList\",\"@id\":\"https:\/\/www.horacio-sanchez.com\/uncategorized\/anecacao-convoco-a-productores-a-primera-edicion-del-concurso-cacao-de-excelencia-ecuador-2020\/#breadcrumb\",\"itemListElement\":[{\"@type\":\"ListItem\",\"position\":1,\"name\":\"Portada\",\"item\":\"https:\/\/www.horacio-sanchez.com\/\"},{\"@type\":\"ListItem\",\"position\":2,\"name\":\"Anecacao convoc\u00f3 a productores a primera edici\u00f3n del concurso Cacao de Excelencia Ecuador 2020\"}]},{\"@type\":\"WebSite\",\"@id\":\"https:\/\/www.horacio-sanchez.com\/#website\",\"url\":\"https:\/\/www.horacio-sanchez.com\/\",\"name\":\"Horacio Sanchez\",\"description\":\"Exportadora de cacao\",\"publisher\":{\"@id\":\"https:\/\/www.horacio-sanchez.com\/#organization\"},\"potentialAction\":[{\"@type\":\"SearchAction\",\"target\":{\"@type\":\"EntryPoint\",\"urlTemplate\":\"https:\/\/www.horacio-sanchez.com\/?s={search_term_string}\"},\"query-input\":{\"@type\":\"PropertyValueSpecification\",\"valueRequired\":true,\"valueName\":\"search_term_string\"}}],\"inLanguage\":\"en-US\"},{\"@type\":\"Organization\",\"@id\":\"https:\/\/www.horacio-sanchez.com\/#organization\",\"name\":\"Horacio Sanchez\",\"url\":\"https:\/\/www.horacio-sanchez.com\/\",\"logo\":{\"@type\":\"ImageObject\",\"inLanguage\":\"en-US\",\"@id\":\"https:\/\/www.horacio-sanchez.com\/#\/schema\/logo\/image\/\",\"url\":\"https:\/\/www.horacio-sanchez.com\/wp-content\/uploads\/2020\/09\/LOGO-HORACIO-SANCHEZ-EXPORTADOR-BLANCO.png\",\"contentUrl\":\"https:\/\/www.horacio-sanchez.com\/wp-content\/uploads\/2020\/09\/LOGO-HORACIO-SANCHEZ-EXPORTADOR-BLANCO.png\",\"width\":595,\"height\":498,\"caption\":\"Horacio Sanchez\"},\"image\":{\"@id\":\"https:\/\/www.horacio-sanchez.com\/#\/schema\/logo\/image\/\"}},{\"@type\":\"Person\",\"@id\":\"https:\/\/www.horacio-sanchez.com\/#\/schema\/person\/e50791f01352f1f6573b2bd49a17c147\",\"name\":\"admin\",\"image\":{\"@type\":\"ImageObject\",\"inLanguage\":\"en-US\",\"@id\":\"https:\/\/www.horacio-sanchez.com\/#\/schema\/person\/image\/\",\"url\":\"https:\/\/secure.gravatar.com\/avatar\/0af6f7f1dbb5d365c9887c513e62609d595353fbfa0045c2fb16c26f293dbc2b?s=96&d=mm&r=g\",\"contentUrl\":\"https:\/\/secure.gravatar.com\/avatar\/0af6f7f1dbb5d365c9887c513e62609d595353fbfa0045c2fb16c26f293dbc2b?s=96&d=mm&r=g\",\"caption\":\"admin\"}}]}<\/script>\n<!-- \/ Yoast SEO plugin. -->","yoast_head_json":{"title":"Anecacao convoc\u00f3 a productores a primera edici\u00f3n del concurso Cacao de Excelencia Ecuador 2020 - Horacio Sanchez","robots":{"index":"index","follow":"follow","max-snippet":"max-snippet:-1","max-image-preview":"max-image-preview:large","max-video-preview":"max-video-preview:-1"},"canonical":"https:\/\/www.horacio-sanchez.com\/en\/uncategorized\/anecacao-convoco-a-productores-a-primera-edicion-del-concurso-cacao-de-excelencia-ecuador-2020\/","og_locale":"en_US","og_type":"article","og_title":"Anecacao convoc\u00f3 a productores a primera edici\u00f3n del concurso Cacao de Excelencia Ecuador 2020 - Horacio Sanchez","og_description":"Con el apoyo del programa\u00a0MOCCA, iniciativa financiada por el programa Alimentos para el Progreso del Departamento de Agricultura de los Estados Unidos (USDA por sus siglas en ingl\u00e9s), la\u00a0Asociaci\u00f3n Nacional de Exportadores e Industriales de Cacao del Ecuador (Anecacao), lanz\u00f3 este jueves 22 de octubre la Primera Edici\u00f3n del Concurso\u00a0Cacao de Excelencia Ecuador 2020. Francisco [&hellip;]","og_url":"https:\/\/www.horacio-sanchez.com\/en\/uncategorized\/anecacao-convoco-a-productores-a-primera-edicion-del-concurso-cacao-de-excelencia-ecuador-2020\/","og_site_name":"Horacio Sanchez","article_published_time":"2020-10-24T15:01:00+00:00","article_modified_time":"2020-10-24T15:01:02+00:00","og_image":[{"width":2560,"height":1681,"url":"https:\/\/www.horacio-sanchez.com\/wp-content\/uploads\/2020\/10\/1_1s159q_RK1N0bv7Rf7OcLw-scaled.jpeg","type":"image\/jpeg"}],"author":"admin","twitter_card":"summary_large_image","twitter_misc":{"Written by":"admin","Est. reading time":"2 minutes"},"schema":{"@context":"https:\/\/schema.org","@graph":[{"@type":"Article","@id":"https:\/\/www.horacio-sanchez.com\/uncategorized\/anecacao-convoco-a-productores-a-primera-edicion-del-concurso-cacao-de-excelencia-ecuador-2020\/#article","isPartOf":{"@id":"https:\/\/www.horacio-sanchez.com\/uncategorized\/anecacao-convoco-a-productores-a-primera-edicion-del-concurso-cacao-de-excelencia-ecuador-2020\/"},"author":{"name":"admin","@id":"https:\/\/www.horacio-sanchez.com\/#\/schema\/person\/e50791f01352f1f6573b2bd49a17c147"},"headline":"Anecacao convoc\u00f3 a productores a primera edici\u00f3n del concurso Cacao de Excelencia Ecuador 2020","datePublished":"2020-10-24T15:01:00+00:00","dateModified":"2020-10-24T15:01:02+00:00","mainEntityOfPage":{"@id":"https:\/\/www.horacio-sanchez.com\/uncategorized\/anecacao-convoco-a-productores-a-primera-edicion-del-concurso-cacao-de-excelencia-ecuador-2020\/"},"wordCount":416,"commentCount":0,"publisher":{"@id":"https:\/\/www.horacio-sanchez.com\/#organization"},"image":{"@id":"https:\/\/www.horacio-sanchez.com\/uncategorized\/anecacao-convoco-a-productores-a-primera-edicion-del-concurso-cacao-de-excelencia-ecuador-2020\/#primaryimage"},"thumbnailUrl":"https:\/\/www.horacio-sanchez.com\/wp-content\/uploads\/2020\/10\/1_1s159q_RK1N0bv7Rf7OcLw-scaled.jpeg","inLanguage":"en-US","potentialAction":[{"@type":"CommentAction","name":"Comment","target":["https:\/\/www.horacio-sanchez.com\/uncategorized\/anecacao-convoco-a-productores-a-primera-edicion-del-concurso-cacao-de-excelencia-ecuador-2020\/#respond"]}]},{"@type":"WebPage","@id":"https:\/\/www.horacio-sanchez.com\/uncategorized\/anecacao-convoco-a-productores-a-primera-edicion-del-concurso-cacao-de-excelencia-ecuador-2020\/","url":"https:\/\/www.horacio-sanchez.com\/uncategorized\/anecacao-convoco-a-productores-a-primera-edicion-del-concurso-cacao-de-excelencia-ecuador-2020\/","name":"Anecacao convoc\u00f3 a productores a primera edici\u00f3n del concurso Cacao de Excelencia Ecuador 2020 - Horacio Sanchez","isPartOf":{"@id":"https:\/\/www.horacio-sanchez.com\/#website"},"primaryImageOfPage":{"@id":"https:\/\/www.horacio-sanchez.com\/uncategorized\/anecacao-convoco-a-productores-a-primera-edicion-del-concurso-cacao-de-excelencia-ecuador-2020\/#primaryimage"},"image":{"@id":"https:\/\/www.horacio-sanchez.com\/uncategorized\/anecacao-convoco-a-productores-a-primera-edicion-del-concurso-cacao-de-excelencia-ecuador-2020\/#primaryimage"},"thumbnailUrl":"https:\/\/www.horacio-sanchez.com\/wp-content\/uploads\/2020\/10\/1_1s159q_RK1N0bv7Rf7OcLw-scaled.jpeg","datePublished":"2020-10-24T15:01:00+00:00","dateModified":"2020-10-24T15:01:02+00:00","breadcrumb":{"@id":"https:\/\/www.horacio-sanchez.com\/uncategorized\/anecacao-convoco-a-productores-a-primera-edicion-del-concurso-cacao-de-excelencia-ecuador-2020\/#breadcrumb"},"inLanguage":"en-US","potentialAction":[{"@type":"ReadAction","target":["https:\/\/www.horacio-sanchez.com\/uncategorized\/anecacao-convoco-a-productores-a-primera-edicion-del-concurso-cacao-de-excelencia-ecuador-2020\/"]}]},{"@type":"ImageObject","inLanguage":"en-US","@id":"https:\/\/www.horacio-sanchez.com\/uncategorized\/anecacao-convoco-a-productores-a-primera-edicion-del-concurso-cacao-de-excelencia-ecuador-2020\/#primaryimage","url":"https:\/\/www.horacio-sanchez.com\/wp-content\/uploads\/2020\/10\/1_1s159q_RK1N0bv7Rf7OcLw-scaled.jpeg","contentUrl":"https:\/\/www.horacio-sanchez.com\/wp-content\/uploads\/2020\/10\/1_1s159q_RK1N0bv7Rf7OcLw-scaled.jpeg","width":2560,"height":1681},{"@type":"BreadcrumbList","@id":"https:\/\/www.horacio-sanchez.com\/uncategorized\/anecacao-convoco-a-productores-a-primera-edicion-del-concurso-cacao-de-excelencia-ecuador-2020\/#breadcrumb","itemListElement":[{"@type":"ListItem","position":1,"name":"Portada","item":"https:\/\/www.horacio-sanchez.com\/"},{"@type":"ListItem","position":2,"name":"Anecacao convoc\u00f3 a productores a primera edici\u00f3n del concurso Cacao de Excelencia Ecuador 2020"}]},{"@type":"WebSite","@id":"https:\/\/www.horacio-sanchez.com\/#website","url":"https:\/\/www.horacio-sanchez.com\/","name":"Horacio Sanchez","description":"Exportadora de cacao","publisher":{"@id":"https:\/\/www.horacio-sanchez.com\/#organization"},"potentialAction":[{"@type":"SearchAction","target":{"@type":"EntryPoint","urlTemplate":"https:\/\/www.horacio-sanchez.com\/?s={search_term_string}"},"query-input":{"@type":"PropertyValueSpecification","valueRequired":true,"valueName":"search_term_string"}}],"inLanguage":"en-US"},{"@type":"Organization","@id":"https:\/\/www.horacio-sanchez.com\/#organization","name":"Horacio Sanchez","url":"https:\/\/www.horacio-sanchez.com\/","logo":{"@type":"ImageObject","inLanguage":"en-US","@id":"https:\/\/www.horacio-sanchez.com\/#\/schema\/logo\/image\/","url":"https:\/\/www.horacio-sanchez.com\/wp-content\/uploads\/2020\/09\/LOGO-HORACIO-SANCHEZ-EXPORTADOR-BLANCO.png","contentUrl":"https:\/\/www.horacio-sanchez.com\/wp-content\/uploads\/2020\/09\/LOGO-HORACIO-SANCHEZ-EXPORTADOR-BLANCO.png","width":595,"height":498,"caption":"Horacio Sanchez"},"image":{"@id":"https:\/\/www.horacio-sanchez.com\/#\/schema\/logo\/image\/"}},{"@type":"Person","@id":"https:\/\/www.horacio-sanchez.com\/#\/schema\/person\/e50791f01352f1f6573b2bd49a17c147","name":"admin","image":{"@type":"ImageObject","inLanguage":"en-US","@id":"https:\/\/www.horacio-sanchez.com\/#\/schema\/person\/image\/","url":"https:\/\/secure.gravatar.com\/avatar\/0af6f7f1dbb5d365c9887c513e62609d595353fbfa0045c2fb16c26f293dbc2b?s=96&d=mm&r=g","contentUrl":"https:\/\/secure.gravatar.com\/avatar\/0af6f7f1dbb5d365c9887c513e62609d595353fbfa0045c2fb16c26f293dbc2b?s=96&d=mm&r=g","caption":"admin"}}]}},"_links":{"self":[{"href":"https:\/\/www.horacio-sanchez.com\/en\/wp-json\/wp\/v2\/posts\/661","targetHints":{"allow":["GET"]}}],"collection":[{"href":"https:\/\/www.horacio-sanchez.com\/en\/wp-json\/wp\/v2\/posts"}],"about":[{"href":"https:\/\/www.horacio-sanchez.com\/en\/wp-json\/wp\/v2\/types\/post"}],"author":[{"embeddable":true,"href":"https:\/\/www.horacio-sanchez.com\/en\/wp-json\/wp\/v2\/users\/1"}],"replies":[{"embeddable":true,"href":"https:\/\/www.horacio-sanchez.com\/en\/wp-json\/wp\/v2\/comments?post=661"}],"version-history":[{"count":3,"href":"https:\/\/www.horacio-sanchez.com\/en\/wp-json\/wp\/v2\/posts\/661\/revisions"}],"predecessor-version":[{"id":666,"href":"https:\/\/www.horacio-sanchez.com\/en\/wp-json\/wp\/v2\/posts\/661\/revisions\/666"}],"wp:featuredmedia":[{"embeddable":true,"href":"https:\/\/www.horacio-sanchez.com\/en\/wp-json\/wp\/v2\/media\/665"}],"wp:attachment":[{"href":"https:\/\/www.horacio-sanchez.com\/en\/wp-json\/wp\/v2\/media?parent=661"}],"wp:term":[{"taxonomy":"category","embeddable":true,"href":"https:\/\/www.horacio-sanchez.com\/en\/wp-json\/wp\/v2\/categories?post=661"},{"taxonomy":"post_tag","embeddable":true,"href":"https:\/\/www.horacio-sanchez.com\/en\/wp-json\/wp\/v2\/tags?post=661"}],"curies":[{"name":"wp","href":"https:\/\/api.w.org\/{rel}","templated":true}]}}